{"id":2247,"date":"2017-09-16T12:43:43","date_gmt":"2017-09-16T10:43:43","guid":{"rendered":"https:\/\/dotter17.be\/?p=2247"},"modified":"2020-03-03T15:26:26","modified_gmt":"2020-03-03T14:26:26","slug":"votre-hebergement-durant-votre-sejour-en-belgique","status":"publish","type":"post","link":"http:\/\/dotter17.be\/fr\/blog\/votre-hebergement-durant-votre-sejour-en-belgique\/","title":{"rendered":"Votre h\u00e9bergement durant votre s\u00e9jour en Belgique"},"content":{"rendered":"<div class=\"images-gallery\">\n<div class=\"row clearfix\">\n<div class=\"col-md-6 col-sm-6 col-xs-6 image-box\">\n<p><strong>Vous venez en Belgique<\/strong> et vous cherchez un h\u00e9bergement confortable et bien situ\u00e9? Alors le Bed and Breakfast Dotter17 est fait pour vous! Nous nous situons \u00e0 la fois <strong>aux portes des Ardennes flamandes<\/strong> et non loin de villes culturelles comme Gand et Bruxelles. <strong>Votre s\u00e9jour en Belgique commence chez nous.<\/strong><\/p>\n<h2>Votre s\u00e9jour en Belgique<\/h2>\n<p>La Belgique, ses paysages vallonn\u00e9s et ses villages pittoresques. Pays de la bi\u00e8re, du chocolat et des bons vivants, mais aussi terre de villes anim\u00e9es, riches sur le plan artistique et culturel. O\u00f9 l\u2019artisanat local a r\u00e9sist\u00e9 \u00e0 l\u2019\u00e9preuve du temps, o\u00f9 pass\u00e9 et pr\u00e9sent cohabitent. Une contr\u00e9e aux mille et une possibilit\u00e9s, capable de surprendre chaque jour ses multiples visiteurs.<\/p>\n<p>Tant de choix, tant de vari\u00e9t\u00e9. Mais pourquoi choisir? Pourquoi ne pas venir dans <strong>un lieu o\u00f9 tout est possible<\/strong>? O\u00f9 vous pourrez allier city trip et promenade dans la nature. Ou bien <strong>combiner challenge sportif et exp\u00e9rience culinaire<\/strong>.<\/p>\n<p>C\u2019est ce que Dotter17 vous propose. Notre bed and breakfast jouit d\u2019une position centrale, entre plusieurs villes magnifiques, mais au creux d\u2019une oasis de silence et de calme. Vous voulez faire du shopping et vous d\u00e9tendre le soir? Profiter d\u2019un petit d\u00e9jeuner d\u00e9licieusement frais le matin, histoire de commencer la journ\u00e9e en faisant le plein d\u2019\u00e9nergie? Faites de <strong>votre s\u00e9jour en Belgique <\/strong>une exp\u00e9rience inoubliable.<\/p>\n<h2>Des possibilit\u00e9s \u00e0 l\u2019infini<\/h2>\n<p>Bien s\u00fbr, notre situation id\u00e9ale n\u2019est pas notre seul atout. Nous vous garantissons \u00e9galement des nuits reposantes dans <a href=\"https:\/\/dotter17.be\/fr\/chambres\"><strong>des chambres confortables<\/strong><\/a> \u00e0 proximit\u00e9 de toutes les commodit\u00e9s. Vos h\u00f4tes Lieve et Dries font tout ce qui est leur pouvoir pour que vous vous sentiez comme \u00e0 la maison.<\/p>\n<p>Nous vous donnons tous les conseils et les bons plans \u00e0 propos des activit\u00e9s dans les environs. Au fait, nous sommes un <a href=\"https:\/\/dotter17.be\/fr\/ecuries\"><strong>B&amp;B avec des chevaux<\/strong><\/a>. Si vous aimez les balades \u00e0 cheval, Dries se fera un plaisir de vous montrer les plus beaux spots de la r\u00e9gion. Vous pr\u00e9f\u00e9rez le v\u00e9lo? Dotter17 se trouve \u00e0 proximit\u00e9 <strong>des Ardennes belges<\/strong>, le v\u00e9ritable paradis des cyclistes ! Nous proposons \u00e0 la location diff\u00e9rents types de v\u00e9los pour que chacun puisse explorer les alentours \u00e0 son rythme.<\/p>\n<p><strong>Vous restez plus longtemps en Belgique<\/strong>, par exemple pour le travail? Dans ce cas aussi, nous mettons \u00e0 votre disposition diverses installations. Non seulement vous vous sentirez imm\u00e9diatement \u00e0 la maison dans notre atmosph\u00e8re cosy, mais nous disposons aussi d\u2019un coin cuisine pour celles et ceux qui souhaitent se faire \u00e0 manger pendant leur s\u00e9jour.<\/p>\n<p><strong>C\u2019est chez nous que vous devez s\u00e9journer si vous venez en Belgique<\/strong>. Plus d\u2019infos sur Dotter17 et les possibilit\u00e9s qu\u2019offrent les alentours? Contactez-nous. Nous vous communiquerons nos bons plans avec plaisir et nous r\u00e9jouissons d\u2019ores et d\u00e9j\u00e0 de vous accueillir bient\u00f4t.<\/p>\n<\/div>\n<\/div>\n<\/div>\n","protected":false},"excerpt":{"rendered":"<p>Vous venez en Belgique et vous cherchez un h\u00e9bergement confortable et bien situ\u00e9? Alors le Bed and Breakfast Dotter17 est fait pour vous! Nous nous situons \u00e0 la fois aux portes des Ardennes flamandes et non loin de villes culturelles comme Gand et Bruxelles. Votre s\u00e9jour en Belgique commence chez nous. Votre s\u00e9jour en Belgique [&hellip;]<\/p>\n","protected":false},"author":2,"featured_media":2248,"comment_status":"closed","ping_status":"closed","sticky":false,"template":"","format":"standard","meta":{"_acf_changed":false,"footnotes":""},"categories":[24],"tags":[],"class_list":["post-2247","post","type-post","status-publish","format-standard","has-post-thumbnail","hentry","category-non-classifiee"],"acf":[],"yoast_head":"<!-- This site is optimized with the Yoast SEO plugin v27.0 - https:\/\/yoast.com\/product\/yoast-seo-wordpress\/ -->\n<title>Votre h\u00e9bergement durant votre s\u00e9jour en Belgique - B&amp;B Dotter 17<\/title>\n<meta name=\"description\" content=\"Votre h\u00e9bergement durant votre s\u00e9jour en Belgique | B&amp;B Dotter 17 | \u2713 5 chambres confortable \u2713 Espace bien-\u00eatre \u2713 Ardennes flamandes\" \/>\n<meta name=\"robots\" content=\"index, follow, max-snippet:-1, max-image-preview:large, max-video-preview:-1\" \/>\n<link rel=\"canonical\" href=\"http:\/\/dotter17.be\/fr\/blog\/votre-hebergement-durant-votre-sejour-en-belgique\/\" \/>\n<meta property=\"og:locale\" content=\"nl_BE\" \/>\n<meta property=\"og:type\" content=\"article\" \/>\n<meta property=\"og:title\" content=\"Votre h\u00e9bergement durant votre s\u00e9jour en Belgique - B&amp;B Dotter 17\" \/>\n<meta property=\"og:description\" content=\"Votre h\u00e9bergement durant votre s\u00e9jour en Belgique | B&amp;B Dotter 17 | \u2713 5 chambres confortable \u2713 Espace bien-\u00eatre \u2713 Ardennes flamandes\" \/>\n<meta property=\"og:url\" content=\"http:\/\/dotter17.be\/fr\/blog\/votre-hebergement-durant-votre-sejour-en-belgique\/\" \/>\n<meta property=\"og:site_name\" content=\"Dotter 17\" \/>\n<meta property=\"article:publisher\" content=\"https:\/\/www.facebook.com\/Dotter17\/\" \/>\n<meta property=\"article:published_time\" content=\"2017-09-16T10:43:43+00:00\" \/>\n<meta property=\"article:modified_time\" content=\"2020-03-03T14:26:26+00:00\" \/>\n<meta property=\"og:image\" content=\"https:\/\/dotter17.be\/wp-content\/uploads\/2017\/09\/Verblijf-In-Belgi\u00eb-1.png\" \/>\n\t<meta property=\"og:image:width\" content=\"1004\" \/>\n\t<meta property=\"og:image:height\" content=\"565\" \/>\n\t<meta property=\"og:image:type\" content=\"image\/png\" \/>\n<meta name=\"author\" content=\"conversal\" \/>\n<meta name=\"twitter:card\" content=\"summary_large_image\" \/>\n<meta name=\"twitter:label1\" content=\"\u00c9crit par\" \/>\n\t<meta name=\"twitter:data1\" content=\"conversal\" \/>\n\t<meta name=\"twitter:label2\" content=\"Dur\u00e9e de lecture estim\u00e9e\" \/>\n\t<meta name=\"twitter:data2\" content=\"2 minutes\" \/>\n<script type=\"application\/ld+json\" class=\"yoast-schema-graph\">{\"@context\":\"https:\/\/schema.org\",\"@graph\":[{\"@type\":\"Article\",\"@id\":\"http:\/\/dotter17.be\/fr\/blog\/votre-hebergement-durant-votre-sejour-en-belgique\/#article\",\"isPartOf\":{\"@id\":\"http:\/\/dotter17.be\/fr\/blog\/votre-hebergement-durant-votre-sejour-en-belgique\/\"},\"author\":{\"name\":\"conversal\",\"@id\":\"https:\/\/dotter17.be\/fr\/#\/schema\/person\/1d02bf6d51f3df75e42348502e0db5c6\"},\"headline\":\"Votre h\u00e9bergement durant votre s\u00e9jour en Belgique\",\"datePublished\":\"2017-09-16T10:43:43+00:00\",\"dateModified\":\"2020-03-03T14:26:26+00:00\",\"mainEntityOfPage\":{\"@id\":\"http:\/\/dotter17.be\/fr\/blog\/votre-hebergement-durant-votre-sejour-en-belgique\/\"},\"wordCount\":503,\"publisher\":{\"@id\":\"https:\/\/dotter17.be\/fr\/#organization\"},\"image\":{\"@id\":\"http:\/\/dotter17.be\/fr\/blog\/votre-hebergement-durant-votre-sejour-en-belgique\/#primaryimage\"},\"thumbnailUrl\":\"https:\/\/dotter17.be\/wp-content\/uploads\/2017\/09\/Verblijf-In-Belgi\u00eb-1.png\",\"articleSection\":[\"Non classifi\u00e9(e)\"],\"inLanguage\":\"fr-FR\"},{\"@type\":\"WebPage\",\"@id\":\"http:\/\/dotter17.be\/fr\/blog\/votre-hebergement-durant-votre-sejour-en-belgique\/\",\"url\":\"http:\/\/dotter17.be\/fr\/blog\/votre-hebergement-durant-votre-sejour-en-belgique\/\",\"name\":\"Votre h\u00e9bergement durant votre s\u00e9jour en Belgique - B&B Dotter 17\",\"isPartOf\":{\"@id\":\"https:\/\/dotter17.be\/fr\/#website\"},\"primaryImageOfPage\":{\"@id\":\"http:\/\/dotter17.be\/fr\/blog\/votre-hebergement-durant-votre-sejour-en-belgique\/#primaryimage\"},\"image\":{\"@id\":\"http:\/\/dotter17.be\/fr\/blog\/votre-hebergement-durant-votre-sejour-en-belgique\/#primaryimage\"},\"thumbnailUrl\":\"https:\/\/dotter17.be\/wp-content\/uploads\/2017\/09\/Verblijf-In-Belgi\u00eb-1.png\",\"datePublished\":\"2017-09-16T10:43:43+00:00\",\"dateModified\":\"2020-03-03T14:26:26+00:00\",\"description\":\"Votre h\u00e9bergement durant votre s\u00e9jour en Belgique | B&B Dotter 17 | \u2713 5 chambres confortable \u2713 Espace bien-\u00eatre \u2713 Ardennes flamandes\",\"breadcrumb\":{\"@id\":\"http:\/\/dotter17.be\/fr\/blog\/votre-hebergement-durant-votre-sejour-en-belgique\/#breadcrumb\"},\"inLanguage\":\"fr-FR\",\"potentialAction\":[{\"@type\":\"ReadAction\",\"target\":[\"http:\/\/dotter17.be\/fr\/blog\/votre-hebergement-durant-votre-sejour-en-belgique\/\"]}]},{\"@type\":\"ImageObject\",\"inLanguage\":\"fr-FR\",\"@id\":\"http:\/\/dotter17.be\/fr\/blog\/votre-hebergement-durant-votre-sejour-en-belgique\/#primaryimage\",\"url\":\"https:\/\/dotter17.be\/wp-content\/uploads\/2017\/09\/Verblijf-In-Belgi\u00eb-1.png\",\"contentUrl\":\"https:\/\/dotter17.be\/wp-content\/uploads\/2017\/09\/Verblijf-In-Belgi\u00eb-1.png\",\"width\":1004,\"height\":565,\"caption\":\"S\u00e9journez au B&B Dotter17 lors de votre visite en Belgique\"},{\"@type\":\"BreadcrumbList\",\"@id\":\"http:\/\/dotter17.be\/fr\/blog\/votre-hebergement-durant-votre-sejour-en-belgique\/#breadcrumb\",\"itemListElement\":[{\"@type\":\"ListItem\",\"position\":1,\"name\":\"Home\",\"item\":\"https:\/\/dotter17.be\/fr\/\"},{\"@type\":\"ListItem\",\"position\":2,\"name\":\"Votre h\u00e9bergement durant votre s\u00e9jour en Belgique\"}]},{\"@type\":\"WebSite\",\"@id\":\"https:\/\/dotter17.be\/fr\/#website\",\"url\":\"https:\/\/dotter17.be\/fr\/\",\"name\":\"Dotter 17\",\"description\":\"\",\"publisher\":{\"@id\":\"https:\/\/dotter17.be\/fr\/#organization\"},\"potentialAction\":[{\"@type\":\"SearchAction\",\"target\":{\"@type\":\"EntryPoint\",\"urlTemplate\":\"https:\/\/dotter17.be\/fr\/?s={search_term_string}\"},\"query-input\":{\"@type\":\"PropertyValueSpecification\",\"valueRequired\":true,\"valueName\":\"search_term_string\"}}],\"inLanguage\":\"fr-FR\"},{\"@type\":\"Organization\",\"@id\":\"https:\/\/dotter17.be\/fr\/#organization\",\"name\":\"Dotter17\",\"url\":\"https:\/\/dotter17.be\/fr\/\",\"logo\":{\"@type\":\"ImageObject\",\"inLanguage\":\"fr-FR\",\"@id\":\"https:\/\/dotter17.be\/fr\/#\/schema\/logo\/image\/\",\"url\":\"https:\/\/dotter17.be\/wp-content\/uploads\/2018\/05\/logo.png\",\"contentUrl\":\"https:\/\/dotter17.be\/wp-content\/uploads\/2018\/05\/logo.png\",\"width\":250,\"height\":208,\"caption\":\"Dotter17\"},\"image\":{\"@id\":\"https:\/\/dotter17.be\/fr\/#\/schema\/logo\/image\/\"},\"sameAs\":[\"https:\/\/www.facebook.com\/Dotter17\/\",\"https:\/\/www.instagram.com\/17dotter\"]},{\"@type\":\"Person\",\"@id\":\"https:\/\/dotter17.be\/fr\/#\/schema\/person\/1d02bf6d51f3df75e42348502e0db5c6\",\"name\":\"conversal\",\"image\":{\"@type\":\"ImageObject\",\"inLanguage\":\"fr-FR\",\"@id\":\"https:\/\/dotter17.be\/fr\/#\/schema\/person\/image\/\",\"url\":\"https:\/\/secure.gravatar.com\/avatar\/8ca43112028b215c9b1cd0d81c5abc2e1b2f0a8d7f6304527d892564995d790e?s=96&d=mm&r=g\",\"contentUrl\":\"https:\/\/secure.gravatar.com\/avatar\/8ca43112028b215c9b1cd0d81c5abc2e1b2f0a8d7f6304527d892564995d790e?s=96&d=mm&r=g\",\"caption\":\"conversal\"}}]}<\/script>\n<!-- \/ Yoast SEO plugin. -->","yoast_head_json":{"title":"Votre h\u00e9bergement durant votre s\u00e9jour en Belgique - B&B Dotter 17","description":"Votre h\u00e9bergement durant votre s\u00e9jour en Belgique | B&B Dotter 17 | \u2713 5 chambres confortable \u2713 Espace bien-\u00eatre \u2713 Ardennes flamandes","robots":{"index":"index","follow":"follow","max-snippet":"max-snippet:-1","max-image-preview":"max-image-preview:large","max-video-preview":"max-video-preview:-1"},"canonical":"http:\/\/dotter17.be\/fr\/blog\/votre-hebergement-durant-votre-sejour-en-belgique\/","og_locale":"nl_BE","og_type":"article","og_title":"Votre h\u00e9bergement durant votre s\u00e9jour en Belgique - B&B Dotter 17","og_description":"Votre h\u00e9bergement durant votre s\u00e9jour en Belgique | B&B Dotter 17 | \u2713 5 chambres confortable \u2713 Espace bien-\u00eatre \u2713 Ardennes flamandes","og_url":"http:\/\/dotter17.be\/fr\/blog\/votre-hebergement-durant-votre-sejour-en-belgique\/","og_site_name":"Dotter 17","article_publisher":"https:\/\/www.facebook.com\/Dotter17\/","article_published_time":"2017-09-16T10:43:43+00:00","article_modified_time":"2020-03-03T14:26:26+00:00","og_image":[{"width":1004,"height":565,"url":"https:\/\/dotter17.be\/wp-content\/uploads\/2017\/09\/Verblijf-In-Belgi\u00eb-1.png","type":"image\/png"}],"author":"conversal","twitter_card":"summary_large_image","twitter_misc":{"\u00c9crit par":"conversal","Dur\u00e9e de lecture estim\u00e9e":"2 minutes"},"schema":{"@context":"https:\/\/schema.org","@graph":[{"@type":"Article","@id":"http:\/\/dotter17.be\/fr\/blog\/votre-hebergement-durant-votre-sejour-en-belgique\/#article","isPartOf":{"@id":"http:\/\/dotter17.be\/fr\/blog\/votre-hebergement-durant-votre-sejour-en-belgique\/"},"author":{"name":"conversal","@id":"https:\/\/dotter17.be\/fr\/#\/schema\/person\/1d02bf6d51f3df75e42348502e0db5c6"},"headline":"Votre h\u00e9bergement durant votre s\u00e9jour en Belgique","datePublished":"2017-09-16T10:43:43+00:00","dateModified":"2020-03-03T14:26:26+00:00","mainEntityOfPage":{"@id":"http:\/\/dotter17.be\/fr\/blog\/votre-hebergement-durant-votre-sejour-en-belgique\/"},"wordCount":503,"publisher":{"@id":"https:\/\/dotter17.be\/fr\/#organization"},"image":{"@id":"http:\/\/dotter17.be\/fr\/blog\/votre-hebergement-durant-votre-sejour-en-belgique\/#primaryimage"},"thumbnailUrl":"https:\/\/dotter17.be\/wp-content\/uploads\/2017\/09\/Verblijf-In-Belgi\u00eb-1.png","articleSection":["Non classifi\u00e9(e)"],"inLanguage":"fr-FR"},{"@type":"WebPage","@id":"http:\/\/dotter17.be\/fr\/blog\/votre-hebergement-durant-votre-sejour-en-belgique\/","url":"http:\/\/dotter17.be\/fr\/blog\/votre-hebergement-durant-votre-sejour-en-belgique\/","name":"Votre h\u00e9bergement durant votre s\u00e9jour en Belgique - B&B Dotter 17","isPartOf":{"@id":"https:\/\/dotter17.be\/fr\/#website"},"primaryImageOfPage":{"@id":"http:\/\/dotter17.be\/fr\/blog\/votre-hebergement-durant-votre-sejour-en-belgique\/#primaryimage"},"image":{"@id":"http:\/\/dotter17.be\/fr\/blog\/votre-hebergement-durant-votre-sejour-en-belgique\/#primaryimage"},"thumbnailUrl":"https:\/\/dotter17.be\/wp-content\/uploads\/2017\/09\/Verblijf-In-Belgi\u00eb-1.png","datePublished":"2017-09-16T10:43:43+00:00","dateModified":"2020-03-03T14:26:26+00:00","description":"Votre h\u00e9bergement durant votre s\u00e9jour en Belgique | B&B Dotter 17 | \u2713 5 chambres confortable \u2713 Espace bien-\u00eatre \u2713 Ardennes flamandes","breadcrumb":{"@id":"http:\/\/dotter17.be\/fr\/blog\/votre-hebergement-durant-votre-sejour-en-belgique\/#breadcrumb"},"inLanguage":"fr-FR","potentialAction":[{"@type":"ReadAction","target":["http:\/\/dotter17.be\/fr\/blog\/votre-hebergement-durant-votre-sejour-en-belgique\/"]}]},{"@type":"ImageObject","inLanguage":"fr-FR","@id":"http:\/\/dotter17.be\/fr\/blog\/votre-hebergement-durant-votre-sejour-en-belgique\/#primaryimage","url":"https:\/\/dotter17.be\/wp-content\/uploads\/2017\/09\/Verblijf-In-Belgi\u00eb-1.png","contentUrl":"https:\/\/dotter17.be\/wp-content\/uploads\/2017\/09\/Verblijf-In-Belgi\u00eb-1.png","width":1004,"height":565,"caption":"S\u00e9journez au B&B Dotter17 lors de votre visite en Belgique"},{"@type":"BreadcrumbList","@id":"http:\/\/dotter17.be\/fr\/blog\/votre-hebergement-durant-votre-sejour-en-belgique\/#breadcrumb","itemListElement":[{"@type":"ListItem","position":1,"name":"Home","item":"https:\/\/dotter17.be\/fr\/"},{"@type":"ListItem","position":2,"name":"Votre h\u00e9bergement durant votre s\u00e9jour en Belgique"}]},{"@type":"WebSite","@id":"https:\/\/dotter17.be\/fr\/#website","url":"https:\/\/dotter17.be\/fr\/","name":"Dotter 17","description":"","publisher":{"@id":"https:\/\/dotter17.be\/fr\/#organization"},"potentialAction":[{"@type":"SearchAction","target":{"@type":"EntryPoint","urlTemplate":"https:\/\/dotter17.be\/fr\/?s={search_term_string}"},"query-input":{"@type":"PropertyValueSpecification","valueRequired":true,"valueName":"search_term_string"}}],"inLanguage":"fr-FR"},{"@type":"Organization","@id":"https:\/\/dotter17.be\/fr\/#organization","name":"Dotter17","url":"https:\/\/dotter17.be\/fr\/","logo":{"@type":"ImageObject","inLanguage":"fr-FR","@id":"https:\/\/dotter17.be\/fr\/#\/schema\/logo\/image\/","url":"https:\/\/dotter17.be\/wp-content\/uploads\/2018\/05\/logo.png","contentUrl":"https:\/\/dotter17.be\/wp-content\/uploads\/2018\/05\/logo.png","width":250,"height":208,"caption":"Dotter17"},"image":{"@id":"https:\/\/dotter17.be\/fr\/#\/schema\/logo\/image\/"},"sameAs":["https:\/\/www.facebook.com\/Dotter17\/","https:\/\/www.instagram.com\/17dotter"]},{"@type":"Person","@id":"https:\/\/dotter17.be\/fr\/#\/schema\/person\/1d02bf6d51f3df75e42348502e0db5c6","name":"conversal","image":{"@type":"ImageObject","inLanguage":"fr-FR","@id":"https:\/\/dotter17.be\/fr\/#\/schema\/person\/image\/","url":"https:\/\/secure.gravatar.com\/avatar\/8ca43112028b215c9b1cd0d81c5abc2e1b2f0a8d7f6304527d892564995d790e?s=96&d=mm&r=g","contentUrl":"https:\/\/secure.gravatar.com\/avatar\/8ca43112028b215c9b1cd0d81c5abc2e1b2f0a8d7f6304527d892564995d790e?s=96&d=mm&r=g","caption":"conversal"}}]}},"_links":{"self":[{"href":"https:\/\/dotter17.be\/fr\/wp-json\/wp\/v2\/posts\/2247","targetHints":{"allow":["GET"]}}],"collection":[{"href":"https:\/\/dotter17.be\/fr\/wp-json\/wp\/v2\/posts"}],"about":[{"href":"https:\/\/dotter17.be\/fr\/wp-json\/wp\/v2\/types\/post"}],"author":[{"embeddable":true,"href":"https:\/\/dotter17.be\/fr\/wp-json\/wp\/v2\/users\/2"}],"replies":[{"embeddable":true,"href":"https:\/\/dotter17.be\/fr\/wp-json\/wp\/v2\/comments?post=2247"}],"version-history":[{"count":0,"href":"https:\/\/dotter17.be\/fr\/wp-json\/wp\/v2\/posts\/2247\/revisions"}],"wp:featuredmedia":[{"embeddable":true,"href":"https:\/\/dotter17.be\/fr\/wp-json\/wp\/v2\/media\/2248"}],"wp:attachment":[{"href":"https:\/\/dotter17.be\/fr\/wp-json\/wp\/v2\/media?parent=2247"}],"wp:term":[{"taxonomy":"category","embeddable":true,"href":"https:\/\/dotter17.be\/fr\/wp-json\/wp\/v2\/categories?post=2247"},{"taxonomy":"post_tag","embeddable":true,"href":"https:\/\/dotter17.be\/fr\/wp-json\/wp\/v2\/tags?post=2247"}],"curies":[{"name":"wp","href":"https:\/\/api.w.org\/{rel}","templated":true}]}}